{"id":2325,"date":"2026-05-05T05:12:35","date_gmt":"2026-05-05T08:12:35","guid":{"rendered":"https:\/\/lucasmalaspina.com\/2026\/05\/05\/ecosistema-digital-partidos-politicos-nueva-derecha\/"},"modified":"2026-05-28T02:10:55","modified_gmt":"2026-05-28T05:10:55","slug":"ecosistema-digital-partidos-politicos-nueva-derecha","status":"publish","type":"post","link":"https:\/\/lucasmalaspina.com\/pt-br\/2026\/05\/05\/ecosistema-digital-partidos-politicos-nueva-derecha\/","title":{"rendered":"Um partido sem ecossistema \u00e9 um partido morto"},"content":{"rendered":"\n<p class=\"wp-block-paragraph\"><em>Por Lucas Malaspina<\/em><\/p>\n\n\n\n<p class=\"wp-block-paragraph\">Fala-se muito em \u201cbatalha cultural\u201d, mas pouco sobre sua estrutura. Aqui, tento responder a uma quest\u00e3o pr\u00e1tica:\u00a0<strong>como se constr\u00f3i hoje uma comunica\u00e7\u00e3o pol\u00edtica capaz de atravessar comunidades<\/strong>, traduzir mensagens, contestar o senso comum e transformar a circula\u00e7\u00e3o cultural em vantagem pol\u00edtica.<\/p>\n\n\n\n<figure class=\"wp-block-pullquote\"><blockquote><p>Um conjunto de contas publica. Um ecossistema distribui, traduz, amplifica, legitima e mobiliza<\/p><\/blockquote><\/figure>\n\n\n\n<p class=\"wp-block-paragraph\"><strong>A ess\u00eancia deste texto surgiu durante uma visita \u00e0 Espanha<\/strong>\u00a0em setembro de 2025, ao observar os problemas do PSOE e de Pedro S\u00e1nchez na comunica\u00e7\u00e3o digital, em contraste com o crescimento do Vox. Tamb\u00e9m os problemas do pr\u00f3prio Partido Popular, que enfrentava (e ainda enfrenta) dificuldades semelhantes. Pouco depois, esse problema come\u00e7ou a se reverter em parte no que diz respeito a Pedro S\u00e1nchez, j\u00e1 que o l\u00edder do PSOE\u00a0<a href=\"https:\/\/x.com\/sarrioncarbo_\/status\/2042275351217218010\">(conforme vem acompanhando o colega Jordi Sarri\u00f3n-Carbonell)<\/a>\u00a0mudou radicalmente sua abordagem \u00e0 comunica\u00e7\u00e3o digital. No entanto, em partidos progressistas, centristas ou conservadores da Am\u00e9rica Latina e da Europa, o mesmo fen\u00f4meno continua ocorrendo.\u00a0<strong>Na maior parte da Am\u00e9rica Latina, na j\u00e1 mencionada Espanha, na Fran\u00e7a e na Alemanha, a nova direita causa disrup\u00e7\u00e3o.\u00a0<\/strong>Partidos que surgiram no pr\u00f3prio s\u00e9culo XXI ficaram desatualizados.<\/p>\n\n\n\n<figure class=\"wp-block-image alignright size-full is-resized\"><img data-recalc-dims=\"1\" loading=\"lazy\" decoding=\"async\" width=\"655\" height=\"368\" src=\"https:\/\/i0.wp.com\/lucasmalaspina.com\/wp-content\/uploads\/2026\/05\/image-2.png?resize=655%2C368&#038;ssl=1\" alt=\"\" class=\"wp-image-2227\" style=\"aspect-ratio:1.7799075817217183;width:384px;height:auto\" srcset=\"https:\/\/i0.wp.com\/lucasmalaspina.com\/wp-content\/uploads\/2026\/05\/image-2.png?w=655&amp;ssl=1 655w, https:\/\/i0.wp.com\/lucasmalaspina.com\/wp-content\/uploads\/2026\/05\/image-2.png?resize=300%2C169&amp;ssl=1 300w\" sizes=\"auto, (max-width: 655px) 100vw, 655px\" \/><figcaption class=\"wp-element-caption\">A presidente do M\u00e9xico e o presidente da Espanha: Claudia Sheinbaum e Pedro S\u00e1nchez<\/figcaption><\/figure>\n\n\n\n<p class=\"wp-block-paragraph\">No caso do M\u00e9xico (que visitei em fevereiro deste ano), o partido no poder n\u00e3o tem concorrentes importantes em n\u00edvel federal, mas\u00a0<a href=\"https:\/\/www.tiktok.com\/@expansion.mx\/video\/7341776438716108037?is_from_webapp=1&amp;sender_device=pc&amp;web_id=7631388301103400465\">preocupa a forte influ\u00eancia do Movimento Cidad\u00e3o<\/a>\u00a0<a href=\"https:\/\/www.tiktok.com\/@expansion.mx\/video\/7341776438716108037?is_from_webapp=1&amp;sender_device=pc&amp;web_id=7631388301103400465\">entre os jovens<\/a>, bem como o futuro da Cidade do M\u00e9xico (basti\u00e3o hist\u00f3rico do progressismo mexicano). Vemos como\u00a0<strong>os principais expoentes da direita local e continental buscar\u00e3o aproveitar todos os erros do Morena para construir um espa\u00e7o capaz de disputar a lideran\u00e7a do pa\u00eds<\/strong>, para o que a\u00a0<a href=\"https:\/\/www.nature.com\/collections\/bhgheifbef\">\u201cmanosfera\u201d<\/a>\u00a0mexicana pode ser um excelente ponto de apoio.<\/p>\n\n\n\n<figure class=\"wp-block-image alignleft size-large is-resized\"><img data-recalc-dims=\"1\" loading=\"lazy\" decoding=\"async\" width=\"1024\" height=\"538\" src=\"https:\/\/i0.wp.com\/lucasmalaspina.com\/wp-content\/uploads\/2026\/05\/image-9.png?resize=1024%2C538&#038;ssl=1\" alt=\"\" class=\"wp-image-2271\" style=\"aspect-ratio:1.9033674963396778;width:270px;height:auto\" srcset=\"https:\/\/i0.wp.com\/lucasmalaspina.com\/wp-content\/uploads\/2026\/05\/image-9.png?resize=1024%2C538&amp;ssl=1 1024w, https:\/\/i0.wp.com\/lucasmalaspina.com\/wp-content\/uploads\/2026\/05\/image-9.png?resize=300%2C158&amp;ssl=1 300w, https:\/\/i0.wp.com\/lucasmalaspina.com\/wp-content\/uploads\/2026\/05\/image-9.png?resize=768%2C403&amp;ssl=1 768w, https:\/\/i0.wp.com\/lucasmalaspina.com\/wp-content\/uploads\/2026\/05\/image-9.png?w=1200&amp;ssl=1 1200w\" sizes=\"auto, (max-width: 1000px) 100vw, 1000px\" \/><figcaption class=\"wp-element-caption\">Luisa Mar\u00eda Alcalde renunci\u00f3 como presidenta de Morena<\/figcaption><\/figure>\n\n\n\n<p class=\"wp-block-paragraph\">Enquanto Claudia Sheinbaum, a presidente, conta com um apoio impressionante, a imagem do partido Morena n\u00e3o tem a mesma sorte e mostra sinais de desgaste preocupantes.\u00a0<strong>Recentemente, Sheinbaum impulsionou a ren\u00fancia da presidente do partido, Luisa Mar\u00eda Alcalde, e acaba de substitu\u00ed-la por Ariadna Montiel Reyes, com a miss\u00e3o de reorganizar o Morena para as elei\u00e7\u00f5es intermedi\u00e1rias de 2027.\u00a0<\/strong>Quando um grupo de poder se dedica a consumir a popularidade de seu l\u00edder, em vez de cuidar dela e ger\u00e1-la, estamos em apuros.<\/p>\n\n\n\n<figure class=\"wp-block-embed is-type-video is-provider-tiktok wp-block-embed-tiktok\"><div class=\"wp-block-embed__wrapper\">\n<blockquote class=\"tiktok-embed\" cite=\"https:\/\/www.tiktok.com\/@paolita_milass\/video\/7576006185095122194\" data-video-id=\"7576006185095122194\" data-embed-from=\"oembed\" style=\"max-width:605px; min-width:325px;\"> <section> <a target=\"_blank\" title=\"@paolita_milass\" href=\"https:\/\/www.tiktok.com\/@paolita_milass?refer=embed\">@paolita_milass<\/a> <p>ESTE ES EL PODER DEL BIENESTAR \ud83d\udde3\ufe0f\u203c\ufe0f\ud83d\udd25<a title=\"creatorsearchinsights\" target=\"_blank\" href=\"https:\/\/www.tiktok.com\/tag\/creatorsearchinsights?refer=embed\">#creatorsearchinsights<\/a> <a title=\"ia\" target=\"_blank\" href=\"https:\/\/www.tiktok.com\/tag\/ia?refer=embed\">#IA<\/a> <a title=\"ia\" target=\"_blank\" href=\"https:\/\/www.tiktok.com\/tag\/ia?refer=embed\">#ia<\/a> <a title=\"inteligenciaartificial\" target=\"_blank\" href=\"https:\/\/www.tiktok.com\/tag\/inteligenciaartificial?refer=embed\">#inteligenciaartificial<\/a> <a title=\"inteligenciaartesanal\" target=\"_blank\" href=\"https:\/\/www.tiktok.com\/tag\/inteligenciaartesanal?refer=embed\">#inteligenciaartesanal<\/a> <a title=\"claudiapresidenta\" target=\"_blank\" href=\"https:\/\/www.tiktok.com\/tag\/claudiapresidenta?refer=embed\">#claudiapresidenta<\/a> <a title=\"claudiasheimbaum\" target=\"_blank\" href=\"https:\/\/www.tiktok.com\/tag\/claudiasheimbaum?refer=embed\">#claudiasheimbaum<\/a> <a title=\"4t\" target=\"_blank\" href=\"https:\/\/www.tiktok.com\/tag\/4t?refer=embed\">#4t<\/a> <a title=\"bienestarmexico\" target=\"_blank\" href=\"https:\/\/www.tiktok.com\/tag\/bienestarmexico?refer=embed\">#bienestarmexico<\/a> <a title=\"politicamexicana\" target=\"_blank\" href=\"https:\/\/www.tiktok.com\/tag\/politicamexicana?refer=embed\">#politicamexicana<\/a> <a title=\"mexico\" target=\"_blank\" href=\"https:\/\/www.tiktok.com\/tag\/mexico?refer=embed\">#mexico<\/a> mexico\ud83c\uddf2\ud83c\uddfd  <a title=\"memespoliticos\" target=\"_blank\" href=\"https:\/\/www.tiktok.com\/tag\/memespoliticos?refer=embed\">#memespoliticos<\/a> <a title=\"memes\" target=\"_blank\" href=\"https:\/\/www.tiktok.com\/tag\/memes?refer=embed\">#memes<\/a> <a title=\"humor\" target=\"_blank\" href=\"https:\/\/www.tiktok.com\/tag\/humor?refer=embed\">#humor<\/a> <a title=\"viral\" target=\"_blank\" href=\"https:\/\/www.tiktok.com\/tag\/viral?refer=embed\">#Viral<\/a> <a title=\"fyp\" target=\"_blank\" href=\"https:\/\/www.tiktok.com\/tag\/fyp?refer=embed\">#fyp<\/a> <a title=\"paratiiiiiiiiiiiiiiiiiiiiiiiiiiiiiii\" target=\"_blank\" href=\"https:\/\/www.tiktok.com\/tag\/paratiiiiiiiiiiiiiiiiiiiiiiiiiiiiiii?refer=embed\">#paratiiiiiiiiiiiiiiiiiiiiiiiiiiiiiii<\/a>  <a title=\"hazmeviraltiktok\" target=\"_blank\" href=\"https:\/\/www.tiktok.com\/tag\/hazmeviraltiktok?refer=embed\">#hazmeviraltiktok<\/a> <a title=\"hazmeviral\" target=\"_blank\" href=\"https:\/\/www.tiktok.com\/tag\/hazmeviral?refer=embed\">#hazmeviral<\/a>  <a title=\"hazmefamoso\" target=\"_blank\" href=\"https:\/\/www.tiktok.com\/tag\/hazmefamoso?refer=embed\">#hazmefamoso<\/a> <a title=\"ponmeenparatitiktok\" target=\"_blank\" href=\"https:\/\/www.tiktok.com\/tag\/ponmeenparatitiktok?refer=embed\">#ponmeenparatitiktok<\/a>  <a title=\"ponmeenparati\" target=\"_blank\" href=\"https:\/\/www.tiktok.com\/tag\/ponmeenparati?refer=embed\">#ponmeenparati<\/a>   @TikTok @TikTok en espa\u00f1ol <\/p> <a target=\"_blank\" title=\"\u266c sonido original - Paolita Mora's\" href=\"https:\/\/www.tiktok.com\/music\/sonido-original-7576006246310939412?refer=embed\">\u266c sonido original &#8211; Paolita Mora&#8217;s<\/a> <\/section> <\/blockquote> <script async src=\"https:\/\/www.tiktok.com\/embed.js\"><\/script>\n<\/div><figcaption class=\"wp-element-caption\">Um v\u00eddeo do TikTok brinca com a apresenta\u00e7\u00e3o da presidente do M\u00e9xico em seu discurso sobre os primeiros 100 dias de seu governo<\/figcaption><\/figure>\n\n\n\n<p class=\"wp-block-paragraph\">Os partidos pol\u00edticos, mesmo os mais antigos, est\u00e3o em constante renova\u00e7\u00e3o. Eles criam contas em todas as redes sociais, produzem v\u00eddeos, cartazes, reels, threads, podcasts e agora tamb\u00e9m utilizam a Intelig\u00eancia Artificial.\u00a0<strong>Mas tudo isso pode coexistir (e coexiste) perfeitamente com uma impot\u00eancia estrutural:\u00a0<\/strong>que a mensagem circule quase sempre entre os mesmos, que n\u00e3o atravesse comunidades paralelas,\u00a0<strong>que n\u00e3o mobilize simpatizantes, que n\u00e3o alcance o eleitor indeciso e que n\u00e3o construa um clima cultural.<\/strong><\/p>\n\n\n\n<p class=\"wp-block-paragraph\">As novas direitas, por outro lado, compreenderam melhor que um conjunto de contas nas redes sociais n\u00e3o \u00e9 um ecossistema. Enquanto um conjunto de contas simplesmente emite, um ecossistema distribui, traduz, amplifica, legitima e mobiliza: \u00e9 uma arquitetura de influ\u00eancia. E\u00a0<strong>a diferen\u00e7a entre ambos n\u00e3o \u00e9 de escala nem de or\u00e7amento: \u00e9 de concep\u00e7\u00e3o.<\/strong><\/p>\n\n\n\n<p class=\"wp-block-paragraph\">N\u00e3o h\u00e1 oposi\u00e7\u00e3o entre TV e redes sociais, mas sim interdepend\u00eancia, mistura e recombina\u00e7\u00e3o entre ambas. O renomado pesquisador brit\u00e2nico Andrew Chadwick oferece o marco mais amplo e inovador para compreender essa quest\u00e3o.\u00a0<strong>Um ecossistema pertence \u00e0 l\u00f3gica do sistema h\u00edbrido de m\u00eddia<\/strong>, onde a influ\u00eancia pol\u00edtica n\u00e3o se produz em um \u00fanico canal, mas na circula\u00e7\u00e3o entre meios tradicionais, redes sociais, criadores, ativistas, grupos fechados, comunidades culturais e conversas interpessoais (Chadwick, 2017). Chadwick \u00e9 um intelectual indispens\u00e1vel para compreender como as mensagens pol\u00edticas circulam no caos sociodigital: por meio de\u00a0<strong>montagens n\u00e3o lineares com m\u00faltiplos atores, ritmos e temporalidades.\u00a0<\/strong>Ele estudou ci\u00eancia pol\u00edtica em Birmingham sem deixar de frequentar cursos de estudos culturais \u2014 do c\u00e9lebre Centre for Contemporary Cultural Studies (CCCS), dirigido por Stuart Hall \u2014 e passou a pensar a Internet com essa bagagem.<\/p>\n\n\n\n<figure class=\"wp-block-image alignleft size-large is-resized\"><img data-recalc-dims=\"1\" loading=\"lazy\" decoding=\"async\" width=\"678\" height=\"1024\" src=\"https:\/\/i0.wp.com\/lucasmalaspina.com\/wp-content\/uploads\/2026\/05\/image-1.png?resize=678%2C1024&#038;ssl=1\" alt=\"\" class=\"wp-image-2224\" style=\"aspect-ratio:0.6621146285950755;width:285px;height:auto\" srcset=\"https:\/\/i0.wp.com\/lucasmalaspina.com\/wp-content\/uploads\/2026\/05\/image-1.png?resize=678%2C1024&amp;ssl=1 678w, https:\/\/i0.wp.com\/lucasmalaspina.com\/wp-content\/uploads\/2026\/05\/image-1.png?resize=199%2C300&amp;ssl=1 199w, https:\/\/i0.wp.com\/lucasmalaspina.com\/wp-content\/uploads\/2026\/05\/image-1.png?resize=768%2C1160&amp;ssl=1 768w, https:\/\/i0.wp.com\/lucasmalaspina.com\/wp-content\/uploads\/2026\/05\/image-1.png?w=919&amp;ssl=1 919w\" sizes=\"auto, (max-width: 678px) 100vw, 678px\" \/><figcaption class=\"wp-element-caption\"><em>A segunda edi\u00e7\u00e3o deste livro de Chadwick inclui sua an\u00e1lise sobre os fen\u00f4menos Obama e Trump<\/em><\/figcaption><\/figure>\n\n\n\n<p class=\"wp-block-paragraph\"><strong>Quando um partido tradicional investe em sua comunica\u00e7\u00e3o digital, geralmente est\u00e1 aprimorando seus canais\u00a0<\/strong>de redes sociais e seus conte\u00fados.\u00a0<strong>Quando as novas direitas avan\u00e7am no campo digital, geralmente est\u00e3o construindo um ecossistema.<\/strong>\u00a0Essa assimetria explica muito mais do que a est\u00e9tica das postagens ou a \u201cviraliza\u00e7\u00e3o\u201d de um conte\u00fado espec\u00edfico.<\/p>\n\n\n\n<figure class=\"wp-block-pullquote\"><blockquote><p><em><em>Um ecossistema n\u00e3o gerencia apenas mensagens: ele gerencia rela\u00e7\u00f5es<\/em><\/em><\/p><\/blockquote><\/figure>\n\n\n\n<blockquote class=\"wp-block-quote is-layout-flow wp-block-quote-is-layout-flow\">\n<p class=\"wp-block-paragraph\"><\/p>\n<\/blockquote>\n\n\n\n<h2 class=\"wp-block-heading\"><strong><em><strong>Tr\u00eas camadas comunicativas do ecossistema<\/strong><\/em><\/strong><\/h2>\n\n\n\n<p class=\"wp-block-paragraph\">Para entender o que \u00e9 um ecossistema digital na pol\u00edtica,\u00a0<strong>\u00e9 necess\u00e1rio distinguir tr\u00eas camadas que quase ningu\u00e9m separa com clareza<\/strong>. N\u00e3o se trata simplesmente de p\u00fablicos distintos: s\u00e3o fun\u00e7\u00f5es distintas dentro de uma arquitetura de influ\u00eancia.<\/p>\n\n\n\n<p class=\"wp-block-paragraph\"><strong>A ideia de ecossistema n\u00e3o parte do zero.<\/strong>\u00a0Ela retoma, em condi\u00e7\u00f5es digitais, uma intui\u00e7\u00e3o cl\u00e1ssica da sociologia da comunica\u00e7\u00e3o: a influ\u00eancia pol\u00edtica n\u00e3o circula simplesmente de um emissor de massa para indiv\u00edduos isolados, mas por meio de intermedi\u00e1rios, conversas, rela\u00e7\u00f5es de confian\u00e7a e formadores de opini\u00e3o que traduzem as mensagens dentro de seus pr\u00f3prios ambientes sociais (Lazarsfeld, Berelson &amp; Gaudet, 1944; Katz &amp; Lazarsfeld, 1955). O que muda no sistema h\u00edbrido contempor\u00e2neo \u00e9 a escala, a velocidade e a diversidade desses intermedi\u00e1rios: militantes, influenciadores, streamers, jornalistas, fandoms, grupos fechados, comunidades culturais e algoritmos.<\/p>\n\n\n\n<p class=\"wp-block-paragraph\">A primeira camada \u00e9 a\u00a0<strong>comunica\u00e7\u00e3o militante<\/strong>: aquela que chega \u00e0queles que j\u00e1 est\u00e3o convencidos, que compartilham por convic\u00e7\u00e3o, que amplificam sem que ningu\u00e9m lhes pe\u00e7a. Essa camada n\u00e3o conquista nada de novo, mas organiza e sustenta a energia do n\u00facleo.\u00a0<strong>Se estiver mal estruturada, o n\u00facleo se dispersa ou se desmoraliza.<\/strong><\/p>\n\n\n\n<p class=\"wp-block-paragraph\">A segunda \u00e9 a\u00a0<strong>comunica\u00e7\u00e3o simpatizante<\/strong>: aquela que chega \u00e0queles que simpatizam, mas n\u00e3o militam, que votam em n\u00f3s, mas tamb\u00e9m poderiam n\u00e3o votar, que seguem nossas contas, mas tamb\u00e9m seguem outras. Muitas vezes, essa camada n\u00e3o busca politiz\u00e1-los, mas apenas<strong>\u00a0<em>ret\u00ea-los<\/em>: mant\u00ea-los pr\u00f3ximos, solidificar sua afinidade<\/strong>\u00a0com uma identidade que nem sempre \u00e9 percebida como partid\u00e1ria. Na pol\u00edtica digital contempor\u00e2nea, boa parte da ades\u00e3o se organiza por meio de formas personalizadas de participa\u00e7\u00e3o e afinidade compartilh\u00e1vel: o que Bennett e Segerberg chamaram de \u201ca\u00e7\u00e3o conectiva\u201d (Bennett &amp; Segerberg, 2012).<\/p>\n\n\n\n<figure class=\"wp-block-image size-large\"><img data-recalc-dims=\"1\" loading=\"lazy\" decoding=\"async\" width=\"1024\" height=\"682\" src=\"https:\/\/i0.wp.com\/lucasmalaspina.com\/wp-content\/uploads\/2026\/05\/image-4.png?resize=1024%2C682&#038;ssl=1\" alt=\"\" class=\"wp-image-2231\" srcset=\"https:\/\/i0.wp.com\/lucasmalaspina.com\/wp-content\/uploads\/2026\/05\/image-4.png?resize=1024%2C682&amp;ssl=1 1024w, https:\/\/i0.wp.com\/lucasmalaspina.com\/wp-content\/uploads\/2026\/05\/image-4.png?resize=300%2C200&amp;ssl=1 300w, https:\/\/i0.wp.com\/lucasmalaspina.com\/wp-content\/uploads\/2026\/05\/image-4.png?resize=768%2C511&amp;ssl=1 768w, https:\/\/i0.wp.com\/lucasmalaspina.com\/wp-content\/uploads\/2026\/05\/image-4.png?resize=1536%2C1022&amp;ssl=1 1536w, https:\/\/i0.wp.com\/lucasmalaspina.com\/wp-content\/uploads\/2026\/05\/image-4.png?resize=1200%2C799&amp;ssl=1 1200w, https:\/\/i0.wp.com\/lucasmalaspina.com\/wp-content\/uploads\/2026\/05\/image-4.png?w=1600&amp;ssl=1 1600w\" sizes=\"auto, (max-width: 1000px) 100vw, 1000px\" \/><figcaption class=\"wp-element-caption\">Mais de 8 milh\u00f5es de pessoas se mobilizaram em mar\u00e7o nos Estados Unidos contra o presidente Donald Trump sob o lema \u201cNo Kings\u201d<\/figcaption><\/figure>\n\n\n\n<p class=\"wp-block-paragraph\"><strong>Mas a base de simpatizantes n\u00e3o se organiza apenas em torno de ideias. Muitas vezes, ela se organiza em torno de figuras, estilos, comunidades de pertencimento e la\u00e7os para-sociais.<\/strong>\u00a0Por isso, um ecossistema n\u00e3o administra apenas mensagens: ele administra rela\u00e7\u00f5es. A literatura recente sobre pol\u00edticos como celebridades, f\u00e3s e comunidades digitais mostra que o engajamento pol\u00edtico tamb\u00e9m pode funcionar como pertencimento afetivo, comunidade imaginada, fandom e participa\u00e7\u00e3o relacional (Peytibi, 2025; Dean, 2017).<\/p>\n\n\n\n<p class=\"wp-block-paragraph\"><strong>A terceira \u00e9 a comunica\u00e7\u00e3o cinzenta: aquela que alcan\u00e7a quem n\u00e3o tem uma defini\u00e7\u00e3o pol\u00edtica clara, mas consome cultura digital de massa.\u00a0<\/strong>Essa camada n\u00e3o busca convenc\u00ea-los de nada diretamente. Busca moldar o terreno cultural no qual, eventualmente, tomar\u00e3o decis\u00f5es pol\u00edticas. \u00c9 a zona onde a pol\u00edtica aparece como humor, estilo de vida, indigna\u00e7\u00e3o cotidiana, entretenimento, masculinidade, consumo, seguran\u00e7a, mobilidade urbana, cria\u00e7\u00e3o dos filhos, fitness, jogos, m\u00fasica ou gastronomia.<\/p>\n\n\n\n<figure class=\"wp-block-image alignright size-full\"><img data-recalc-dims=\"1\" loading=\"lazy\" decoding=\"async\" width=\"360\" height=\"546\" src=\"https:\/\/i0.wp.com\/lucasmalaspina.com\/wp-content\/uploads\/2026\/05\/image-3.png?resize=360%2C546&#038;ssl=1\" alt=\"\" class=\"wp-image-2229\" srcset=\"https:\/\/i0.wp.com\/lucasmalaspina.com\/wp-content\/uploads\/2026\/05\/image-3.png?w=360&amp;ssl=1 360w, https:\/\/i0.wp.com\/lucasmalaspina.com\/wp-content\/uploads\/2026\/05\/image-3.png?resize=198%2C300&amp;ssl=1 198w\" sizes=\"auto, (max-width: 360px) 100vw, 360px\" \/><figcaption class=\"wp-element-caption\">O livro da Editorial UOC sobre \u201cInfluenciadores e comunica\u00e7\u00e3o pol\u00edtica\u201d foi lan\u00e7ado em Barcelona em setembro de 2025<\/figcaption><\/figure>\n\n\n\n<p class=\"wp-block-paragraph\"><strong>Essa camada cinzenta da comunica\u00e7\u00e3o \u00e9 pr\u00e9-pol\u00edtica ou infra-pol\u00edtica:\u00a0<\/strong>ela atua em \u00e1reas onde o p\u00fablico consome entretenimento, estilos de vida ou conversas cotidianas, mas onde tamb\u00e9m se normalizam valores, rejei\u00e7\u00f5es, aspira\u00e7\u00f5es, identidades e marcos interpretativos. O livro \u201cInfluenciadores e comunica\u00e7\u00e3o pol\u00edtica\u201d (Editora UOC) formula isso com uma chave muito \u00fatil: muitos influenciadores s\u00e3o\u00a0<em>outsiders<\/em>\u00a0que fingem n\u00e3o falar de pol\u00edtica, ou simplesmente n\u00e3o se percebem como atores pol\u00edticos, mas funcionam como\u00a0<strong>intermedi\u00e1rios ideol\u00f3gicos<\/strong>\u00a0porque introduzem leituras do mundo a partir de conte\u00fados aparentemente cotidianos (Mart\u00ed-Dan\u00e9s &amp; Pont Sorribes, 2025; Arnesson, 2023).<\/p>\n\n\n\n<p class=\"wp-block-paragraph\">Por isso,<strong>na camada cinza, a mensagem partid\u00e1ria direta costuma fracassar: chega com a marca d\u2019\u00e1gua da propaganda.<\/strong>\u00a0Em contrapartida, um enquadramento cultural pode funcionar porque n\u00e3o se apresenta como propaganda. Quanto menor for a politiza\u00e7\u00e3o expl\u00edcita de um canal, maior pode ser o alcance potencial de uma mensagem pol\u00edtica que aparece incorporada ao entretenimento, ao estilo de vida ou \u00e0 conversa cotidiana.<\/p>\n\n\n\n<p class=\"wp-block-paragraph\"><strong>O que muitos partidos t\u00eam \u00e9 apenas a primeira camada, e mal feita.\u00a0<\/strong>Contas oficiais que falam para os seus, um punhado de figuras que postam com mais ou menos sucesso e, na melhor das hip\u00f3teses, militantes que amplificam de forma espont\u00e2nea. Isso n\u00e3o \u00e9 um ecossistema. \u00c9 uma c\u00e2mara de eco com pouca capacidade de expans\u00e3o.<\/p>\n\n\n\n<figure class=\"wp-block-pullquote\"><blockquote><p><em><em>A assimetria n\u00e3o se corrige com v\u00eddeos melhores do partido. Ela se corrige construindo a estrutura de distribui\u00e7\u00e3o que falta ao partido<\/em><\/em><\/p><\/blockquote><\/figure>\n\n\n\n<h2 class=\"wp-block-heading\"><strong><em><strong>O problema n\u00e3o \u00e9 apenas o conte\u00fado. \u00c9 a arquitetura<\/strong><\/em><\/strong><\/h2>\n\n\n\n<p class=\"wp-block-paragraph\"><em>Quando<\/em>\u00a0um partido centrista, progressista ou conservador perde terreno no \u00e2mbito digital, a resposta habitual \u00e9 melhorar o conte\u00fado: entrar no TikTok, fazer v\u00eddeos mais din\u00e2micos, diminuir o tom institucional, falar de forma \u201cmais acess\u00edvel\u201d. Tudo isso pode ajudar, mas n\u00e3o resolve o problema estrutural. A nova direita nem sempre produz conte\u00fados melhores, mas muitas vezes entende melhor a arquitetura cultural da circula\u00e7\u00e3o:\u00a0<strong>quem traduz, quem amplifica, quem legitima, quem radicaliza, quem entret\u00e9m e quem introduz pol\u00edtica sem parecer pol\u00edtico.<\/strong><\/p>\n\n\n\n<p class=\"wp-block-paragraph\">O problema n\u00e3o \u00e9 apenas o que se diz nem como se diz. O problema \u00e9 que n\u00e3o existe a infraestrutura para que essa mensagem v\u00e1 al\u00e9m do n\u00facleo. No ecossistema digital, as mensagens n\u00e3o viajam linearmente de uma conta oficial para um p\u00fablico massivo: elas passam por criadores, ativistas, comunidades, algoritmos, meios de comunica\u00e7\u00e3o, conversas privadas,\u00a0<em>fandoms<\/em>\u00a0e espa\u00e7os culturais aparentemente apol\u00edticos.\u00a0<strong>A disputa n\u00e3o \u00e9 apenas por transmitir melhor, mas por construir condi\u00e7\u00f5es para que uma mensagem seja traduzida, legitimada e redistribu\u00edda por vozes que o p\u00fablico aceita como pr\u00f3prias.<\/strong><\/p>\n\n\n\n<p class=\"wp-block-paragraph\">Imaginemos que um partido publique um v\u00eddeo muito bom sobre o problema da moradia (problema praticamente onipresente em todo o Ocidente). Como sai de uma conta partid\u00e1ria, o algoritmo o mostra primeiro para quem j\u00e1 segue o partido. Esses seguidores o compartilham com contatos que muitas vezes pertencem ao mesmo espa\u00e7o pol\u00edtico.\u00a0<strong>O conte\u00fado pode ser \u00f3timo, mas fica restrito a uma comunidade j\u00e1 politizada\u00a0<\/strong>e chega a poucos p\u00fablicos novos.<\/p>\n\n\n\n<p class=\"wp-block-paragraph\">Agora, imaginemos que, uma semana depois, um streamer popular culturalmente pr\u00f3ximo ao rival fale sobre o mesmo problema sem mencionar nenhum partido. Ele n\u00e3o apresenta uma proposta eleitoral: simplesmente diz, com humor ou indigna\u00e7\u00e3o, que para um jovem \u00e9 imposs\u00edvel alugar, que trabalhar j\u00e1 n\u00e3o d\u00e1 conta e que a pol\u00edtica transformou a vida cotidiana em uma corrida de obst\u00e1culos. Se, al\u00e9m disso, ele enquadra esse mal-estar como consequ\u00eancia da burocracia, dos impostos, das regulamenta\u00e7\u00f5es ou do fracasso dos pol\u00edticos tradicionais, o conte\u00fado n\u00e3o apenas alcan\u00e7a um p\u00fablico mais amplo: ele instaura uma interpreta\u00e7\u00e3o do problema favor\u00e1vel ao rival.\u00a0<strong>O ganho pol\u00edtico n\u00e3o surge porque o streamer pede o voto, mas porque traduz uma frustra\u00e7\u00e3o social em um quadro cultural que o rival poder\u00e1 capitalizar posteriormente.<\/strong>\u00a0O partido fala a partir da pol\u00edtica e alcan\u00e7a seus pr\u00f3prios eleitores; o criador fala a partir da vida cotidiana e prepara p\u00fablicos n\u00e3o politizados para aceitar uma explica\u00e7\u00e3o pol\u00edtica compat\u00edvel com o advers\u00e1rio.<\/p>\n\n\n\n<p class=\"wp-block-paragraph\"><strong>Essa assimetria n\u00e3o se corrige com v\u00eddeos melhores do partido.\u00a0<\/strong>Ela se corrige construindo a camada de distribui\u00e7\u00e3o que o partido n\u00e3o possui.<\/p>\n\n\n\n<p class=\"wp-block-paragraph\">O ponto central \u00e9 que a circula\u00e7\u00e3o \u00e9 uma capacidade organizacional. David Karpf demonstrou desde cedo que as organiza\u00e7\u00f5es pol\u00edticas digitais mais eficazes n\u00e3o eram simplesmente aquelas que \u201cusavam a Internet\u201d, mas aquelas que conseguiam\u00a0<strong>converter aten\u00e7\u00e3o, dados, evid\u00eancias e aprendizado acumulado em capacidade de a\u00e7\u00e3o<\/strong>\u00a0(Karpf, 2012). Daniel Kreiss, ao estudar as campanhas americanas, formulou isso sob outro \u00e2ngulo: a inova\u00e7\u00e3o digital relevante n\u00e3o est\u00e1 na ferramenta isolada (isso seria uma forma de fetichismo), mas na\u00a0<strong>organiza\u00e7\u00e3o que aprende, prototipa, coordena e distribui<\/strong>\u00a0(Kreiss, 2016).<\/p>\n\n\n\n<p class=\"wp-block-paragraph\">Para maximizar o infoentretenimento, precisamos pensar: por meio de que infraestrutura humana, t\u00e9cnica e cultural esse conte\u00fado circular\u00e1 uma vez publicado?<\/p>\n\n\n\n<h2 class=\"wp-block-heading\"><strong><strong>N\u00e3o h\u00e1 boa comunica\u00e7\u00e3o sem uma boa arquitetura<\/strong><\/strong><\/h2>\n\n\n\n<p class=\"wp-block-paragraph\">\u00c9 um erro anal\u00edtico frequente atribuir o avan\u00e7o das novas direitas no campo digital ao fato de que \u201celas se comunicam melhor\u201d ou de que \u201co \u00f3dio se viraliza mais\u201d. H\u00e1 verdade nisso, mas \u00e9 uma explica\u00e7\u00e3o muito parcial que leva a solu\u00e7\u00f5es equivocadas. A vantagem n\u00e3o est\u00e1 apenas na mensagem, no tom ou na est\u00e9tica. O fato \u00e9 que\u00a0<strong>a arquitetura \u00e9 comunica\u00e7\u00e3o quando organiza as condi\u00e7\u00f5es sociais, t\u00e9cnicas e culturais para que uma mensagem circule.<\/strong><\/p>\n\n\n\n<p class=\"wp-block-paragraph\">As novas direitas n\u00e3o produzem necessariamente pe\u00e7as melhores.\u00a0<strong>Muitas vezes produzem pe\u00e7as mais rudimentares, mais repetitivas e mais brutais.\u00a0<\/strong>Mas costumam construir melhores condi\u00e7\u00f5es de circula\u00e7\u00e3o: n\u00f3s com fun\u00e7\u00f5es distintas, criadores com p\u00fablicos pr\u00f3prios, militantes capazes de amplificar, comunidades dispostas a defender, canais cinzentos que introduzem valores pol\u00edticos sem forma partid\u00e1ria expl\u00edcita e circuitos de indigna\u00e7\u00e3o que transformam a rea\u00e7\u00e3o advers\u00e1ria em nova visibilidade.<\/p>\n\n\n\n<p class=\"wp-block-paragraph\"><strong>O que as novas direitas constru\u00edram, na Argentina, na Espanha, na It\u00e1lia, na Fran\u00e7a e na Alemanha, n\u00e3o foi apenas uma equipe de comunica\u00e7\u00e3o mais \u00e1gil. Foi um ecossistema de tr\u00eas camadas onde cada n\u00f3 tem um papel.<\/strong>\u00a0Os militantes organizados amplificam e confrontam. Os simpatizantes \u2014 influenciadores, criadores de conte\u00fado, youtubers, podcasters \u2014 sustentam a narrativa a partir de territ\u00f3rios culturais aparentemente neutros. E uma camada mais difusa de canais cinzentos coloniza segmentos de audi\u00eancia massiva sem bandeira vis\u00edvel.<\/p>\n\n\n\n<p class=\"wp-block-paragraph\"><strong>Nem tudo isso funciona por comando central. Alguns n\u00f3s s\u00e3o coordenados; outros se unem por afinidade ideol\u00f3gica, incentivos da plataforma, pertencimento comunit\u00e1rio, antagonismos compartilhados ou busca por aten\u00e7\u00e3o.<\/strong>A efic\u00e1cia do ecossistema nem sempre depende de uma ordem, mas de uma orienta\u00e7\u00e3o convergente. Essa distin\u00e7\u00e3o \u00e9 importante: evita interpretar tudo como conspira\u00e7\u00e3o e permite entender como os ecossistemas reais operam.<\/p>\n\n\n\n<figure class=\"wp-block-image size-large\"><img data-recalc-dims=\"1\" loading=\"lazy\" decoding=\"async\" width=\"1024\" height=\"575\" src=\"https:\/\/i0.wp.com\/lucasmalaspina.com\/wp-content\/uploads\/2026\/05\/image-6.png?resize=1024%2C575&#038;ssl=1\" alt=\"\" class=\"wp-image-2235\" srcset=\"https:\/\/i0.wp.com\/lucasmalaspina.com\/wp-content\/uploads\/2026\/05\/image-6.png?resize=1024%2C575&amp;ssl=1 1024w, https:\/\/i0.wp.com\/lucasmalaspina.com\/wp-content\/uploads\/2026\/05\/image-6.png?resize=300%2C169&amp;ssl=1 300w, https:\/\/i0.wp.com\/lucasmalaspina.com\/wp-content\/uploads\/2026\/05\/image-6.png?resize=768%2C431&amp;ssl=1 768w, https:\/\/i0.wp.com\/lucasmalaspina.com\/wp-content\/uploads\/2026\/05\/image-6.png?resize=1200%2C674&amp;ssl=1 1200w, https:\/\/i0.wp.com\/lucasmalaspina.com\/wp-content\/uploads\/2026\/05\/image-6.png?w=1440&amp;ssl=1 1440w\" sizes=\"auto, (max-width: 1000px) 100vw, 1000px\" \/><figcaption class=\"wp-element-caption\">Com apenas 28 anos, Jordan Bardella \u00e9 uma figura muito popular do Rassemblement National (RN) na Fran\u00e7a<\/figcaption><\/figure>\n\n\n\n<p class=\"wp-block-paragraph\">A literatura recente sobre influenciadores pol\u00edticos confirma essa assimetria. Mart\u00ed-Dan\u00e9s e Pont Sorribes apontam que\u00a0<strong>a extrema direita tem se mostrado especialmente h\u00e1bil em criar redes de\u00a0<em>influenciadores pol\u00edticos<\/em>\u00a0capazes de abranger diferentes correntes ideol\u00f3gicas<\/strong>\u00a0\u2014 antifeminismo, racismo, libertarianismo, neoconservadorismo, rojipardismo \u2014 e de moldar o debate p\u00fablico online. Lewis, em seu relat\u00f3rio sobre a alt-right norte-americana, j\u00e1 havia demonstrado como essas redes podem funcionar como infraestrutura de radicaliza\u00e7\u00e3o, vitimiza\u00e7\u00e3o e amplifica\u00e7\u00e3o (Lewis, 2018; Mart\u00ed-Dan\u00e9s &amp; Pont Sorribes, 2025).<\/p>\n\n\n\n<p class=\"wp-block-paragraph\"><strong>A campanha presidencial de Javier Milei na Argentina oferece um caso particularmente claro dessa l\u00f3gica.\u00a0<\/strong>Seu desempenho digital n\u00e3o pode ser explicado apenas pela conta oficial do candidato, mas por uma constela\u00e7\u00e3o de recortes, streamers, p\u00e1ginas de memes, contas libert\u00e1rias, influenciadores pol\u00edticos e usu\u00e1rios que traduziram sua narrativa antipol\u00edtica para formatos nativos do TikTok, Instagram, YouTube e X. A literatura recente sobre Milei no TikTok e sobre influenciadores pol\u00edticos argentinos confirma essa centralidade da est\u00e9tica, da emocionalidade, do recorte e da circula\u00e7\u00e3o para-partid\u00e1ria na constru\u00e7\u00e3o de sua visibilidade (Ariza, 2023; Slimovich, 2025).<\/p>\n\n\n\n<figure class=\"wp-block-embed is-type-video is-provider-tiktok wp-block-embed-tiktok\"><div class=\"wp-block-embed__wrapper\">\n<blockquote class=\"tiktok-embed\" cite=\"https:\/\/www.tiktok.com\/@bardxttal\/video\/7438665163332504864\" data-video-id=\"7438665163332504864\" data-embed-from=\"oembed\" style=\"max-width:605px; min-width:325px;\"> <section> <a target=\"_blank\" title=\"@bardxttal\" href=\"https:\/\/www.tiktok.com\/@bardxttal?refer=embed\">@bardxttal<\/a> <p><a title=\"jordanbardella\" target=\"_blank\" href=\"https:\/\/www.tiktok.com\/tag\/jordanbardella?refer=embed\">#JORDANBARDELLA<\/a> || son profil lat\u00e9ral et la pomme d&#8217;Adam \ud83e\uddce\u200d\u2640\ufe0f <a title=\"jordan\" target=\"_blank\" href=\"https:\/\/www.tiktok.com\/tag\/jordan?refer=embed\">#jordan<\/a> <a title=\"bardella\" target=\"_blank\" href=\"https:\/\/www.tiktok.com\/tag\/bardella?refer=embed\">#bardella<\/a> <a title=\"edit\" target=\"_blank\" href=\"https:\/\/www.tiktok.com\/tag\/edit?refer=embed\">#edit<\/a> <a title=\"vsp\" target=\"_blank\" href=\"https:\/\/www.tiktok.com\/tag\/vsp?refer=embed\">#vsp<\/a> <a title=\"videostar\" target=\"_blank\" href=\"https:\/\/www.tiktok.com\/tag\/videostar?refer=embed\">#videostar<\/a> <a title=\"bardattal\" target=\"_blank\" href=\"https:\/\/www.tiktok.com\/tag\/bardattal?refer=embed\">#bardattal<\/a> <a title=\"france\" target=\"_blank\" href=\"https:\/\/www.tiktok.com\/tag\/france?refer=embed\">#france<\/a> <a title=\"fyp\" target=\"_blank\" href=\"https:\/\/www.tiktok.com\/tag\/fyp?refer=embed\">#fyp<\/a> <a title=\"foryou\" target=\"_blank\" href=\"https:\/\/www.tiktok.com\/tag\/foryou?refer=embed\">#foryou<\/a> @Jordan Bardella @Gabriel Attal  <\/p> <a target=\"_blank\" title=\"\u266c original sound - Bardxttal \u0f80\u0f72\u0f80\u0f72\u0f80\u0f72\u0f80\u0f72\u0f80\u0f72\" href=\"https:\/\/www.tiktok.com\/music\/original-sound-7438665210065750817?refer=embed\">\u266c original sound &#8211; Bardxttal \u0f80\u0f72\u0f80\u0f72\u0f80\u0f72\u0f80\u0f72\u0f80\u0f72<\/a> <\/section> <\/blockquote> <script async src=\"https:\/\/www.tiktok.com\/embed.js\"><\/script>\n<\/div><figcaption class=\"wp-element-caption\">Conte\u00fado da comunidade de f\u00e3s sobre Jordan Bardella e a ma\u00e7\u00e3 no TikTok<\/figcaption><\/figure>\n\n\n\n<p class=\"wp-block-paragraph\">A Fran\u00e7a apresenta outro caso.\u00a0<a href=\"https:\/\/www.instagram.com\/jordanbardella\">Jordan Bardella<\/a>\u00a0(o herdeiro de Marine Le Pen) e o Rassemblement National alcan\u00e7aram uma presen\u00e7a especialmente forte entre os jovens em 2024, com Bardella se tornando uma\u00a0<a href=\"https:\/\/www.tiktok.com\/@jordanbardella\">figura onipresente no TikTok<\/a>\u00a0e obtendo um apoio muito alto entre os menores de 35 anos nas elei\u00e7\u00f5es europeias. No caso de Bardella, o para-partid\u00e1rio n\u00e3o se apresenta como uma estrutura paralela fechada, mas como uma camada de circula\u00e7\u00e3o lateral: contas de terceiros que pegam materiais do candidato, os editam com c\u00f3digos de\u00a0<em>fandom<\/em>\u00a0e os devolvem ao TikTok como conte\u00fado cultural, antes do que como propaganda. Essa \u00e9 a diferen\u00e7a entre conta e ecossistema incipiente:<strong>\u00a0a conta oficial emite; as contas para-partid\u00e1rias transformam o l\u00edder em personagem circul\u00e1vel<\/strong>. As\u00a0<em>fancams<\/em>\u00a0quase n\u00e3o falam do programa do RN; seu foco \u00e9 a personalidade carism\u00e1tica de Bardella, seus gestos cotidianos, suas selfies com jovens, uma ta\u00e7a de vinho ou at\u00e9 mesmo uma cena simples como comer uma ma\u00e7\u00e3, que ultrapassou cinco milh\u00f5es de visualiza\u00e7\u00f5es e depois p\u00f4de ser reutilizada para novas edi\u00e7\u00f5es (Bouchet, 2024). Ap\u00f3s as elei\u00e7\u00f5es europeias de 2024 e a dissolu\u00e7\u00e3o da Assembleia, simpatizantes da Nova Frente Popular (coaliz\u00e3o de esquerda) come\u00e7aram a adotar\u00a0<strong>c\u00f3digos de\u00a0<em>fandom<\/em>\u00a0\u2014montagens,\u00a0<em>fancams<\/em>, est\u00e9tica K-pop, humor e montagens virais\u2014\u00a0<\/strong>para disputar uma plataforma onde a direita radical havia chegado antes e com mais for\u00e7a. Uma nova edi\u00e7\u00e3o dessa batalha ocorrer\u00e1 nas elei\u00e7\u00f5es presidenciais de 2027, nas quais Bardella se destaca como favorito.<\/p>\n\n\n\n<h2 class=\"wp-block-heading\"><strong><strong>O paradoxo do partido no poder<\/strong><\/strong><\/h2>\n\n\n\n<p class=\"wp-block-paragraph\">Existe um problema adicional e espec\u00edfico que afeta os partidos no poder:\u00a0<strong>a visibilidade institucional nem sempre se traduz em visibilidade pol\u00edtica \u00fatil.<\/strong>\u00a0Um presidente ou um ministro tem milh\u00f5es de seguidores, mas grande parte desses seguidores n\u00e3o s\u00e3o seus eleitores mais convictos: trata-se de um p\u00fablico passivo, e o que precisamos \u00e9 de uma comunidade que possa ser mobilizada.<\/p>\n\n\n\n<p class=\"wp-block-paragraph\">Al\u00e9m disso, tudo o que sai dos canais oficiais do governo \u00e9 processado pelo receptor com o preconceito que se aplica a qualquer comunica\u00e7\u00e3o institucional: \u201celes dizem isso porque lhes conv\u00e9m\u201d.\u00a0<strong>A credibilidade do canal oficial \u00e9 estruturalmente menor do que a de um criador independente\u00a0<\/strong>que diz o mesmo a partir de sua pr\u00f3pria identidade.<\/p>\n\n\n\n<p class=\"wp-block-paragraph\"><strong>Por isso, apostar exclusivamente na comunica\u00e7\u00e3o oficial \u00e9 uma armadilha.<\/strong>\u00a0N\u00e3o porque a comunica\u00e7\u00e3o oficial n\u00e3o importe \u2014 ela importa \u2014, mas porque n\u00e3o pode fazer o que s\u00f3 um ecossistema \u00e9 capaz de fazer: alcan\u00e7ar p\u00fablicos que n\u00e3o est\u00e3o esperando uma mensagem pol\u00edtica, por meio de vozes que n\u00e3o s\u00e3o percebidas como pol\u00edticas.<\/p>\n\n\n\n<p class=\"wp-block-paragraph\">O partido no poder tem uma vantagem real \u2014 acesso, visibilidade, agenda \u2014 e tende a desperdi\u00e7\u00e1-la porque a usa para melhorar seus canais em vez de\u00a0<strong>construir as pontes<\/strong>\u00a0que conectem esses canais \u00e0s comunidades que hoje n\u00e3o o percebem.<\/p>\n\n\n\n<figure class=\"wp-block-embed is-type-video is-provider-tiktok wp-block-embed-tiktok\"><div class=\"wp-block-embed__wrapper\">\n<blockquote class=\"tiktok-embed\" cite=\"https:\/\/www.tiktok.com\/@latinus_us\/video\/7599707145541635336\" data-video-id=\"7599707145541635336\" data-embed-from=\"oembed\" style=\"max-width:605px; min-width:325px;\"> <section> <a target=\"_blank\" title=\"@latinus_us\" href=\"https:\/\/www.tiktok.com\/@latinus_us?refer=embed\">@latinus_us<\/a> <p>Sheinbaum dijo que, ante las pocas entradas disponibles para BTS en M\u00e9xico y la alta demanda, solicit\u00f3 diplom\u00e1ticamente al primer ministro de Corea m\u00e1s presentaciones o medidas para ampliar el acceso a fans. <a title=\"latinus\" target=\"_blank\" href=\"https:\/\/www.tiktok.com\/tag\/latinus?refer=embed\">#Latinus<\/a> <a title=\"informaci\u00f3nparati\" target=\"_blank\" href=\"https:\/\/www.tiktok.com\/tag\/informaci%C3%B3nparati?refer=embed\">#Informaci\u00f3nParaTi<\/a><\/p> <a target=\"_blank\" title=\"\u266c original sound - Latinus - Latinus\" href=\"https:\/\/www.tiktok.com\/music\/original-sound-Latinus-7599708081609640724?refer=embed\">\u266c original sound &#8211; Latinus &#8211; Latinus<\/a> <\/section> <\/blockquote> <script async src=\"https:\/\/www.tiktok.com\/embed.js\"><\/script>\n<\/div><figcaption class=\"wp-element-caption\">La presidenta de M\u00e9xico en su conferencia habitual ma\u00f1anera aprovecha para reconocer la importante comunidad de j\u00f3venes fan\u00e1ticos de la banda de K-pop BTS<\/figcaption><\/figure>\n\n\n\n<h2 class=\"wp-block-heading\"><strong><strong>O que muda quando se pensa em termos de ecossistema?<\/strong><\/strong><\/h2>\n\n\n\n<p class=\"wp-block-paragraph\">Mudar o foco de \u201ccomo nos comunicamos melhor\u201d para \u201cque arquitetura precisamos\u201d implica quest\u00f5es completamente diferentes.<\/p>\n\n\n\n<p class=\"wp-block-paragraph\">N\u00e3o se trata mais (apenas) de: como fazemos v\u00eddeos mais atraentes? Isso \u00e9 fundamental, como temos insistido: primeiro \u00e9 preciso entreter; caso contr\u00e1rio, n\u00e3o \u00e9 poss\u00edvel comunicar. Agora, para ir mais longe, pensemos: quais influenciadores em segmentos n\u00e3o pol\u00edticos t\u00eam afinidade real com nossos valores e poderiam ser cultivados como pontos de apoio?\u00a0<strong>Em quais comunidades digitais \u2014 jogos, m\u00fasica, humor, fitness, gastronomia \u2014 est\u00e1 o nosso eleitorado em potencial que hoje n\u00e3o estamos alcan\u00e7ando?\u00a0<\/strong>Temos militantes com habilidades digitais reais que n\u00e3o estamos formando nem organizando? Existe uma estrutura de coordena\u00e7\u00e3o que conecte todas essas camadas \u00e0 estrat\u00e9gia central, de modo que, quando for necess\u00e1rio ativar algo, todo o ecossistema se mova?<\/p>\n\n\n\n<figure class=\"wp-block-image size-large\"><img data-recalc-dims=\"1\" loading=\"lazy\" decoding=\"async\" width=\"1024\" height=\"576\" src=\"https:\/\/i0.wp.com\/lucasmalaspina.com\/wp-content\/uploads\/2026\/05\/image-8.png?resize=1024%2C576&#038;ssl=1\" alt=\"\" class=\"wp-image-2239\" srcset=\"https:\/\/i0.wp.com\/lucasmalaspina.com\/wp-content\/uploads\/2026\/05\/image-8.png?resize=1024%2C576&amp;ssl=1 1024w, https:\/\/i0.wp.com\/lucasmalaspina.com\/wp-content\/uploads\/2026\/05\/image-8.png?resize=300%2C169&amp;ssl=1 300w, https:\/\/i0.wp.com\/lucasmalaspina.com\/wp-content\/uploads\/2026\/05\/image-8.png?resize=768%2C432&amp;ssl=1 768w, https:\/\/i0.wp.com\/lucasmalaspina.com\/wp-content\/uploads\/2026\/05\/image-8.png?resize=1536%2C864&amp;ssl=1 1536w, https:\/\/i0.wp.com\/lucasmalaspina.com\/wp-content\/uploads\/2026\/05\/image-8.png?resize=1200%2C675&amp;ssl=1 1200w, https:\/\/i0.wp.com\/lucasmalaspina.com\/wp-content\/uploads\/2026\/05\/image-8.png?w=1952&amp;ssl=1 1952w\" sizes=\"auto, (max-width: 1000px) 100vw, 1000px\" \/><figcaption class=\"wp-element-caption\">Um grupo influente de f\u00e3s da cantora Taylor Swift se identificou com a campanha de Kamala Harris \u00e0 presid\u00eancia dos Estados Unidos em 2024<\/figcaption><\/figure>\n\n\n\n<p class=\"wp-block-paragraph\"><strong><strong>Essas perguntas n\u00e3o encontram resposta na equipe de comunica\u00e7\u00e3o de um partido. Elas exigem uma estrutura independente, com l\u00f3gica pr\u00f3pria, que trabalhe para o partido, mas sem se confundir com ele.<\/strong><\/strong><\/p>\n\n\n\n<figure class=\"wp-block-pullquote\"><blockquote><p><em><em><strong>Isso n\u00e3o se improvisa durante uma campanha. \u00c9 algo que se constr\u00f3i aos poucos, antes mesmo do in\u00edcio da campanha<\/strong><\/em><\/em><\/p><\/blockquote><\/figure>\n\n\n\n<h2 class=\"wp-block-heading\"><\/h2>\n\n\n\n<p class=\"wp-block-paragraph\">Cada mensagem importante deve ter um caminho de circula\u00e7\u00e3o: quem a emite, quem a traduz, quem a valida, quem a torna interessante, quem a defende, quem a leva a p\u00fablicos n\u00e3o politizados e&nbsp;<strong>qual o ganho pol\u00edtico que ela deixa ao final da conversa.<\/strong><\/p>\n\n\n\n<p class=\"wp-block-paragraph\"><strong>Quem construir primeiro essa infraestrutura cultural, com uma marca pr\u00f3pria, mas sem bandeira partid\u00e1ria vis\u00edvel, ter\u00e1 uma enorme vantagem estrat\u00e9gica antes da pr\u00f3xima elei\u00e7\u00e3o.<\/strong>&nbsp;N\u00e3o porque v\u00e1 convencer algu\u00e9m no momento de sua cria\u00e7\u00e3o, mas porque vai construir pontes que, no momento decisivo, permitam que a mensagem certa chegue \u00e0s pessoas certas.<\/p>\n\n\n\n<p class=\"wp-block-paragraph\"><strong>Isso se constr\u00f3i lentamente<\/strong>, ao longo de meses, antes do in\u00edcio da campanha: e aten\u00e7\u00e3o, isso n\u00e3o se resolve pagando por colabora\u00e7\u00f5es a um grupo de influenciadores. \u00c9 urgente trabalhar nisso.<\/p>\n\n\n\n<p class=\"wp-block-paragraph\"><strong>Refer\u00eancias<\/strong><\/p>\n\n\n\n<p class=\"wp-block-paragraph\">Ariza, A. (2023). A comunica\u00e7\u00e3o pol\u00edtica de Javier Milei no TikTok. Intersecciones en Comunicaci\u00f3n.&nbsp;<a href=\"https:\/\/www.scielo.org.ar\/scielo.php?pid=S2250-41842023000200006&amp;script=sci_arttext\">https:\/\/www.scielo.org.ar\/scielo.php?pid=S2250-41842023000200006&amp;script=sci_arttext<\/a><\/p>\n\n\n\n<p class=\"wp-block-paragraph\">Arnesson, J. (2023). Influenciadores como intermedi\u00e1rios ideol\u00f3gicos: pol\u00edtica promocional e trabalho de autenticidade nas colabora\u00e7\u00f5es com influenciadores. Media, Culture &amp; Society, 45(3), 528-544.&nbsp;<a href=\"https:\/\/doi.org\/10.1177\/01634437221117505\">https:\/\/doi.org\/10.1177\/01634437221117505<\/a><\/p>\n\n\n\n<p class=\"wp-block-paragraph\">Bennett, W. L., &amp; Segerberg, A. (2012). A l\u00f3gica da a\u00e7\u00e3o conectiva. Informa\u00e7\u00e3o, Comunica\u00e7\u00e3o e Sociedade, 15(5), 739-768.<\/p>\n\n\n\n<p class=\"wp-block-paragraph\">Bouchet, B. (2024). Fazer campanha online. O caso das \u201cfancams\u201d pol\u00edticas no TikTok e no Twitter. Instituto Franco-Alem\u00e3o.&nbsp;<a href=\"https:\/\/www.dfi.de\/fr\/actualites\/dossiers\/dossiers-archives\/elections-legislatives-francaises-2024\/faire-campagne-sur-internet-les-fancams-politiques?utm_source=chatgpt.com\">https:\/\/www.dfi.de\/fr\/actualites\/dossiers\/dossiers-archives\/elections-legislatives-francaises-2024\/faire-campagne-sur-internet-les-fancams-politiques<\/a><\/p>\n\n\n\n<p class=\"wp-block-paragraph\">Chadwick, A. (2017). The Hybrid Media System: Politics and Power. Oxford University Press. 2\u00aa edi\u00e7\u00e3o.<\/p>\n\n\n\n<p class=\"wp-block-paragraph\">Dean, J. (2017). Politicising fandom. British Journal of Politics and International Relations, 19(2), 408-424.<\/p>\n\n\n\n<p class=\"wp-block-paragraph\">Karpf, D. (2012). The MoveOn Effect: The Unexpected Transformation of American Political Advocacy. Oxford University Press.<\/p>\n\n\n\n<p class=\"wp-block-paragraph\">Katz, E., &amp; Lazarsfeld, P. F. (1955). Influ\u00eancia pessoal: o papel desempenhado pelas pessoas no fluxo da comunica\u00e7\u00e3o de massa. Free Press.<\/p>\n\n\n\n<p class=\"wp-block-paragraph\">Kreiss, D. (2016). Pol\u00edtica protot\u00edpica: campanhas com uso intensivo de tecnologia e os dados da democracia. Oxford University Press.<\/p>\n\n\n\n<p class=\"wp-block-paragraph\">Lazarsfeld, P. F., Berelson, B., &amp; Gaudet, H. (1948). A Escolha do Povo. Columbia University Press.<\/p>\n\n\n\n<p class=\"wp-block-paragraph\">Lewis, R. (2018). Influ\u00eancia Alternativa: A Transmiss\u00e3o da Direita Reacion\u00e1ria no YouTube. Data &amp; Society.<\/p>\n\n\n\n<p class=\"wp-block-paragraph\">Mart\u00ed-Dan\u00e9s, A., &amp; Pont Sorribes, C. (2025). Evolu\u00e7\u00e3o, desafios e potencialidades do influenciador como intermedi\u00e1rio da comunica\u00e7\u00e3o pol\u00edtica. Em R. Besal\u00fa &amp; S. Castelo Heymann (Eds.), Influenciadores e comunica\u00e7\u00e3o pol\u00edtica. Editorial UOC.<\/p>\n\n\n\n<p class=\"wp-block-paragraph\">Peytibi, X. (2025). Os pol\u00edticos como celebridades e sua rela\u00e7\u00e3o com os f\u00e3s. Em R. Besal\u00fa &amp; S. Castelo Heymann (Eds.), Influenciadores e comunica\u00e7\u00e3o pol\u00edtica. Editorial UOC.Slimovich, A. (2025). Influenciadores pol\u00edticos argentinos no X durante a campanha presidencial de 2023. Comunica\u00e7\u00e3o e Sociedade. <a href=\"https:\/\/comunicacionysociedad.cucsh.udg.mx\/index.php\/comsoc\/article\/download\/e9045\/6890\" rel=\"nofollow\">https:\/\/comunicacionysociedad.cucsh.udg.mx\/index.php\/comsoc\/article\/download\/e9045\/6890<\/a><\/p>\n\n\n\n<p class=\"wp-block-paragraph\"><\/p>\n","protected":false},"excerpt":{"rendered":"<p>Por Lucas Malaspina Fala-se muito em \u201cbatalha cultural\u201d, mas pouco sobre sua estrutura. Aqui, tento responder a uma quest\u00e3o pr\u00e1tica:\u00a0como se constr\u00f3i hoje uma comunica\u00e7\u00e3o pol\u00edtica capaz de atravessar comunidades, traduzir mensagens, contestar o senso comum e transformar a circula\u00e7\u00e3o cultural em vantagem pol\u00edtica. Um conjunto de contas publica. Um ecossistema distribui, traduz, amplifica, legitima [&hellip;]<\/p>\n","protected":false},"author":103004725,"featured_media":2327,"comment_status":"open","ping_status":"open","sticky":false,"template":"","format":"standard","meta":{"_jetpack_newsletter_access":"","_jetpack_dont_email_post_to_subs":false,"_jetpack_newsletter_tier_id":0,"_jetpack_memberships_contains_paywalled_content":false,"_wpcom_ai_launchpad_first_post":false,"_jetpack_feature_clip_id":0,"_jetpack_memberships_contains_paid_content":false,"footnotes":"","jetpack_publicize_message":"","jetpack_publicize_feature_enabled":true,"jetpack_social_post_already_shared":true,"jetpack_social_options":{"image_generator_settings":{"template":"highway","default_image_id":0,"font":"","enabled":false},"version":2},"_wpas_customize_per_network":false,"jetpack_post_was_ever_published":false},"categories":[121847],"tags":[],"class_list":["post-2325","post","type-post","status-publish","format-standard","has-post-thumbnail","hentry","category-sem-categoria"],"yoast_head":"<!-- This site is optimized with the Yoast SEO plugin v28.4 - https:\/\/yoast.com\/product\/yoast-seo-wordpress\/ -->\n<title>Ecosistema digital en pol\u00edtica: arquitectura, influencers y nueva derecha<\/title>\n<meta name=\"description\" content=\"Por qu\u00e9 los partidos tradicionales pierden terreno digital: la diferencia entre tener cuentas y construir un ecosistema de influencia con tres capas.\" \/>\n<meta name=\"robots\" content=\"index, follow, max-snippet:-1, max-image-preview:large, max-video-preview:-1\" \/>\n<link rel=\"canonical\" href=\"https:\/\/lucasmalaspina.com\/pt-br\/2026\/05\/05\/ecosistema-digital-partidos-politicos-nueva-derecha\/\" \/>\n<meta property=\"og:locale\" content=\"pt_BR\" \/>\n<meta property=\"og:type\" content=\"article\" \/>\n<meta property=\"og:title\" content=\"Ecosistema digital en pol\u00edtica: arquitectura, influencers y nueva derecha\" \/>\n<meta property=\"og:description\" content=\"Por qu\u00e9 los partidos tradicionales pierden terreno digital: la diferencia entre tener cuentas y construir un ecosistema de influencia con tres capas.\" \/>\n<meta property=\"og:url\" content=\"https:\/\/lucasmalaspina.com\/pt-br\/2026\/05\/05\/ecosistema-digital-partidos-politicos-nueva-derecha\/\" \/>\n<meta property=\"og:site_name\" content=\"Lucas Malaspina\" \/>\n<meta property=\"article:published_time\" content=\"2026-05-05T08:12:35+00:00\" \/>\n<meta property=\"article:modified_time\" content=\"2026-05-28T05:10:55+00:00\" \/>\n<meta property=\"og:image\" content=\"https:\/\/lucasmalaspina.com\/wp-content\/uploads\/2026\/05\/ariadna-montiel-nueva-presidenta-morena.jpg\" \/>\n\t<meta property=\"og:image:width\" content=\"1280\" \/>\n\t<meta property=\"og:image:height\" content=\"720\" \/>\n\t<meta property=\"og:image:type\" content=\"image\/jpeg\" \/>\n<meta name=\"author\" content=\"lucasmalaspina\" \/>\n<meta name=\"twitter:card\" content=\"summary_large_image\" \/>\n<meta name=\"twitter:label1\" content=\"Escrito por\" \/>\n\t<meta name=\"twitter:data1\" content=\"lucasmalaspina\" \/>\n\t<meta name=\"twitter:label2\" content=\"Est. tempo de leitura\" \/>\n\t<meta name=\"twitter:data2\" content=\"18 minutos\" \/>\n<script type=\"application\/ld+json\" class=\"yoast-schema-graph\">{\"@context\":\"https:\\\/\\\/schema.org\",\"@graph\":[{\"@type\":\"Article\",\"@id\":\"https:\\\/\\\/lucasmalaspina.com\\\/pt-br\\\/2026\\\/05\\\/05\\\/ecosistema-digital-partidos-politicos-nueva-derecha\\\/#article\",\"isPartOf\":{\"@id\":\"https:\\\/\\\/lucasmalaspina.com\\\/pt-br\\\/2026\\\/05\\\/05\\\/ecosistema-digital-partidos-politicos-nueva-derecha\\\/\"},\"author\":{\"name\":\"lucasmalaspina\",\"@id\":\"https:\\\/\\\/lucasmalaspina.com\\\/pt-br\\\/#\\\/schema\\\/person\\\/5a0f9f532b3275a2ec7efe26234f70c8\"},\"headline\":\"Um partido sem ecossistema \u00e9 um partido morto\",\"datePublished\":\"2026-05-05T08:12:35+00:00\",\"dateModified\":\"2026-05-28T05:10:55+00:00\",\"mainEntityOfPage\":{\"@id\":\"https:\\\/\\\/lucasmalaspina.com\\\/pt-br\\\/2026\\\/05\\\/05\\\/ecosistema-digital-partidos-politicos-nueva-derecha\\\/\"},\"wordCount\":4066,\"commentCount\":0,\"publisher\":{\"@id\":\"https:\\\/\\\/lucasmalaspina.com\\\/pt-br\\\/#organization\"},\"image\":{\"@id\":\"https:\\\/\\\/lucasmalaspina.com\\\/pt-br\\\/2026\\\/05\\\/05\\\/ecosistema-digital-partidos-politicos-nueva-derecha\\\/#primaryimage\"},\"thumbnailUrl\":\"https:\\\/\\\/i0.wp.com\\\/lucasmalaspina.com\\\/wp-content\\\/uploads\\\/2026\\\/05\\\/ariadna-montiel-nueva-presidenta-morena.jpg?fit=1280%2C720&ssl=1\",\"inLanguage\":\"pt-BR\",\"potentialAction\":[{\"@type\":\"CommentAction\",\"name\":\"Comment\",\"target\":[\"https:\\\/\\\/lucasmalaspina.com\\\/pt-br\\\/2026\\\/05\\\/05\\\/ecosistema-digital-partidos-politicos-nueva-derecha\\\/#respond\"]}]},{\"@type\":\"WebPage\",\"@id\":\"https:\\\/\\\/lucasmalaspina.com\\\/pt-br\\\/2026\\\/05\\\/05\\\/ecosistema-digital-partidos-politicos-nueva-derecha\\\/\",\"url\":\"https:\\\/\\\/lucasmalaspina.com\\\/pt-br\\\/2026\\\/05\\\/05\\\/ecosistema-digital-partidos-politicos-nueva-derecha\\\/\",\"name\":\"Ecosistema digital en pol\u00edtica: arquitectura, influencers y nueva derecha\",\"isPartOf\":{\"@id\":\"https:\\\/\\\/lucasmalaspina.com\\\/pt-br\\\/#website\"},\"primaryImageOfPage\":{\"@id\":\"https:\\\/\\\/lucasmalaspina.com\\\/pt-br\\\/2026\\\/05\\\/05\\\/ecosistema-digital-partidos-politicos-nueva-derecha\\\/#primaryimage\"},\"image\":{\"@id\":\"https:\\\/\\\/lucasmalaspina.com\\\/pt-br\\\/2026\\\/05\\\/05\\\/ecosistema-digital-partidos-politicos-nueva-derecha\\\/#primaryimage\"},\"thumbnailUrl\":\"https:\\\/\\\/i0.wp.com\\\/lucasmalaspina.com\\\/wp-content\\\/uploads\\\/2026\\\/05\\\/ariadna-montiel-nueva-presidenta-morena.jpg?fit=1280%2C720&ssl=1\",\"datePublished\":\"2026-05-05T08:12:35+00:00\",\"dateModified\":\"2026-05-28T05:10:55+00:00\",\"description\":\"Por qu\u00e9 los partidos tradicionales pierden terreno digital: la diferencia entre tener cuentas y construir un ecosistema de influencia con tres capas.\",\"breadcrumb\":{\"@id\":\"https:\\\/\\\/lucasmalaspina.com\\\/pt-br\\\/2026\\\/05\\\/05\\\/ecosistema-digital-partidos-politicos-nueva-derecha\\\/#breadcrumb\"},\"inLanguage\":\"pt-BR\",\"potentialAction\":[{\"@type\":\"ReadAction\",\"target\":[\"https:\\\/\\\/lucasmalaspina.com\\\/pt-br\\\/2026\\\/05\\\/05\\\/ecosistema-digital-partidos-politicos-nueva-derecha\\\/\"]}]},{\"@type\":\"ImageObject\",\"inLanguage\":\"pt-BR\",\"@id\":\"https:\\\/\\\/lucasmalaspina.com\\\/pt-br\\\/2026\\\/05\\\/05\\\/ecosistema-digital-partidos-politicos-nueva-derecha\\\/#primaryimage\",\"url\":\"https:\\\/\\\/i0.wp.com\\\/lucasmalaspina.com\\\/wp-content\\\/uploads\\\/2026\\\/05\\\/ariadna-montiel-nueva-presidenta-morena.jpg?fit=1280%2C720&ssl=1\",\"contentUrl\":\"https:\\\/\\\/i0.wp.com\\\/lucasmalaspina.com\\\/wp-content\\\/uploads\\\/2026\\\/05\\\/ariadna-montiel-nueva-presidenta-morena.jpg?fit=1280%2C720&ssl=1\",\"width\":1280,\"height\":720},{\"@type\":\"BreadcrumbList\",\"@id\":\"https:\\\/\\\/lucasmalaspina.com\\\/pt-br\\\/2026\\\/05\\\/05\\\/ecosistema-digital-partidos-politicos-nueva-derecha\\\/#breadcrumb\",\"itemListElement\":[{\"@type\":\"ListItem\",\"position\":1,\"name\":\"Portada\",\"item\":\"https:\\\/\\\/lucasmalaspina.com\\\/pt-br\\\/\"},{\"@type\":\"ListItem\",\"position\":2,\"name\":\"Um partido sem ecossistema \u00e9 um partido morto\"}]},{\"@type\":\"WebSite\",\"@id\":\"https:\\\/\\\/lucasmalaspina.com\\\/pt-br\\\/#website\",\"url\":\"https:\\\/\\\/lucasmalaspina.com\\\/pt-br\\\/\",\"name\":\"Lucas Malaspina\",\"description\":\"Comunica\u00e7\u00e3o pol\u00edtica e assuntos p\u00fablicos no caos sociodigital\",\"publisher\":{\"@id\":\"https:\\\/\\\/lucasmalaspina.com\\\/pt-br\\\/#organization\"},\"potentialAction\":[{\"@type\":\"SearchAction\",\"target\":{\"@type\":\"EntryPoint\",\"urlTemplate\":\"https:\\\/\\\/lucasmalaspina.com\\\/pt-br\\\/?s={search_term_string}\"},\"query-input\":{\"@type\":\"PropertyValueSpecification\",\"valueRequired\":true,\"valueName\":\"search_term_string\"}}],\"inLanguage\":\"pt-BR\"},{\"@type\":\"Organization\",\"@id\":\"https:\\\/\\\/lucasmalaspina.com\\\/pt-br\\\/#organization\",\"name\":\"Lucas Malaspina\",\"url\":\"https:\\\/\\\/lucasmalaspina.com\\\/pt-br\\\/\",\"logo\":{\"@type\":\"ImageObject\",\"inLanguage\":\"pt-BR\",\"@id\":\"https:\\\/\\\/lucasmalaspina.com\\\/pt-br\\\/#\\\/schema\\\/logo\\\/image\\\/\",\"url\":\"https:\\\/\\\/i0.wp.com\\\/lucasmalaspina.com\\\/wp-content\\\/uploads\\\/2026\\\/05\\\/LM2027-1-edited.png?fit=1023%2C1023&ssl=1\",\"contentUrl\":\"https:\\\/\\\/i0.wp.com\\\/lucasmalaspina.com\\\/wp-content\\\/uploads\\\/2026\\\/05\\\/LM2027-1-edited.png?fit=1023%2C1023&ssl=1\",\"width\":1023,\"height\":1023,\"caption\":\"Lucas Malaspina\"},\"image\":{\"@id\":\"https:\\\/\\\/lucasmalaspina.com\\\/pt-br\\\/#\\\/schema\\\/logo\\\/image\\\/\"}},{\"@type\":\"Person\",\"@id\":\"https:\\\/\\\/lucasmalaspina.com\\\/pt-br\\\/#\\\/schema\\\/person\\\/5a0f9f532b3275a2ec7efe26234f70c8\",\"name\":\"lucasmalaspina\",\"image\":{\"@type\":\"ImageObject\",\"inLanguage\":\"pt-BR\",\"@id\":\"https:\\\/\\\/secure.gravatar.com\\\/avatar\\\/e68f3496168b30d970d12cc82cabbdf9c7715eeccec1ef6b9c24a51ef7de066a?s=96&d=identicon&r=g\",\"url\":\"https:\\\/\\\/secure.gravatar.com\\\/avatar\\\/e68f3496168b30d970d12cc82cabbdf9c7715eeccec1ef6b9c24a51ef7de066a?s=96&d=identicon&r=g\",\"contentUrl\":\"https:\\\/\\\/secure.gravatar.com\\\/avatar\\\/e68f3496168b30d970d12cc82cabbdf9c7715eeccec1ef6b9c24a51ef7de066a?s=96&d=identicon&r=g\",\"caption\":\"lucasmalaspina\"},\"sameAs\":[\"http:\\\/\\\/lucasmalaspina.com\"],\"url\":\"https:\\\/\\\/lucasmalaspina.com\\\/pt-br\\\/author\\\/lucmalaspina\\\/\"}]}<\/script>\n<!-- \/ Yoast SEO plugin. -->","yoast_head_json":{"title":"Ecosistema digital en pol\u00edtica: arquitectura, influencers y nueva derecha","description":"Por qu\u00e9 los partidos tradicionales pierden terreno digital: la diferencia entre tener cuentas y construir un ecosistema de influencia con tres capas.","robots":{"index":"index","follow":"follow","max-snippet":"max-snippet:-1","max-image-preview":"max-image-preview:large","max-video-preview":"max-video-preview:-1"},"canonical":"https:\/\/lucasmalaspina.com\/pt-br\/2026\/05\/05\/ecosistema-digital-partidos-politicos-nueva-derecha\/","og_locale":"pt_BR","og_type":"article","og_title":"Ecosistema digital en pol\u00edtica: arquitectura, influencers y nueva derecha","og_description":"Por qu\u00e9 los partidos tradicionales pierden terreno digital: la diferencia entre tener cuentas y construir un ecosistema de influencia con tres capas.","og_url":"https:\/\/lucasmalaspina.com\/pt-br\/2026\/05\/05\/ecosistema-digital-partidos-politicos-nueva-derecha\/","og_site_name":"Lucas Malaspina","article_published_time":"2026-05-05T08:12:35+00:00","article_modified_time":"2026-05-28T05:10:55+00:00","og_image":[{"width":1280,"height":720,"url":"https:\/\/lucasmalaspina.com\/wp-content\/uploads\/2026\/05\/ariadna-montiel-nueva-presidenta-morena.jpg","type":"image\/jpeg"}],"author":"lucasmalaspina","twitter_card":"summary_large_image","twitter_misc":{"Escrito por":"lucasmalaspina","Est. tempo de leitura":"18 minutos"},"schema":{"@context":"https:\/\/schema.org","@graph":[{"@type":"Article","@id":"https:\/\/lucasmalaspina.com\/pt-br\/2026\/05\/05\/ecosistema-digital-partidos-politicos-nueva-derecha\/#article","isPartOf":{"@id":"https:\/\/lucasmalaspina.com\/pt-br\/2026\/05\/05\/ecosistema-digital-partidos-politicos-nueva-derecha\/"},"author":{"name":"lucasmalaspina","@id":"https:\/\/lucasmalaspina.com\/pt-br\/#\/schema\/person\/5a0f9f532b3275a2ec7efe26234f70c8"},"headline":"Um partido sem ecossistema \u00e9 um partido morto","datePublished":"2026-05-05T08:12:35+00:00","dateModified":"2026-05-28T05:10:55+00:00","mainEntityOfPage":{"@id":"https:\/\/lucasmalaspina.com\/pt-br\/2026\/05\/05\/ecosistema-digital-partidos-politicos-nueva-derecha\/"},"wordCount":4066,"commentCount":0,"publisher":{"@id":"https:\/\/lucasmalaspina.com\/pt-br\/#organization"},"image":{"@id":"https:\/\/lucasmalaspina.com\/pt-br\/2026\/05\/05\/ecosistema-digital-partidos-politicos-nueva-derecha\/#primaryimage"},"thumbnailUrl":"https:\/\/i0.wp.com\/lucasmalaspina.com\/wp-content\/uploads\/2026\/05\/ariadna-montiel-nueva-presidenta-morena.jpg?fit=1280%2C720&ssl=1","inLanguage":"pt-BR","potentialAction":[{"@type":"CommentAction","name":"Comment","target":["https:\/\/lucasmalaspina.com\/pt-br\/2026\/05\/05\/ecosistema-digital-partidos-politicos-nueva-derecha\/#respond"]}]},{"@type":"WebPage","@id":"https:\/\/lucasmalaspina.com\/pt-br\/2026\/05\/05\/ecosistema-digital-partidos-politicos-nueva-derecha\/","url":"https:\/\/lucasmalaspina.com\/pt-br\/2026\/05\/05\/ecosistema-digital-partidos-politicos-nueva-derecha\/","name":"Ecosistema digital en pol\u00edtica: arquitectura, influencers y nueva derecha","isPartOf":{"@id":"https:\/\/lucasmalaspina.com\/pt-br\/#website"},"primaryImageOfPage":{"@id":"https:\/\/lucasmalaspina.com\/pt-br\/2026\/05\/05\/ecosistema-digital-partidos-politicos-nueva-derecha\/#primaryimage"},"image":{"@id":"https:\/\/lucasmalaspina.com\/pt-br\/2026\/05\/05\/ecosistema-digital-partidos-politicos-nueva-derecha\/#primaryimage"},"thumbnailUrl":"https:\/\/i0.wp.com\/lucasmalaspina.com\/wp-content\/uploads\/2026\/05\/ariadna-montiel-nueva-presidenta-morena.jpg?fit=1280%2C720&ssl=1","datePublished":"2026-05-05T08:12:35+00:00","dateModified":"2026-05-28T05:10:55+00:00","description":"Por qu\u00e9 los partidos tradicionales pierden terreno digital: la diferencia entre tener cuentas y construir un ecosistema de influencia con tres capas.","breadcrumb":{"@id":"https:\/\/lucasmalaspina.com\/pt-br\/2026\/05\/05\/ecosistema-digital-partidos-politicos-nueva-derecha\/#breadcrumb"},"inLanguage":"pt-BR","potentialAction":[{"@type":"ReadAction","target":["https:\/\/lucasmalaspina.com\/pt-br\/2026\/05\/05\/ecosistema-digital-partidos-politicos-nueva-derecha\/"]}]},{"@type":"ImageObject","inLanguage":"pt-BR","@id":"https:\/\/lucasmalaspina.com\/pt-br\/2026\/05\/05\/ecosistema-digital-partidos-politicos-nueva-derecha\/#primaryimage","url":"https:\/\/i0.wp.com\/lucasmalaspina.com\/wp-content\/uploads\/2026\/05\/ariadna-montiel-nueva-presidenta-morena.jpg?fit=1280%2C720&ssl=1","contentUrl":"https:\/\/i0.wp.com\/lucasmalaspina.com\/wp-content\/uploads\/2026\/05\/ariadna-montiel-nueva-presidenta-morena.jpg?fit=1280%2C720&ssl=1","width":1280,"height":720},{"@type":"BreadcrumbList","@id":"https:\/\/lucasmalaspina.com\/pt-br\/2026\/05\/05\/ecosistema-digital-partidos-politicos-nueva-derecha\/#breadcrumb","itemListElement":[{"@type":"ListItem","position":1,"name":"Portada","item":"https:\/\/lucasmalaspina.com\/pt-br\/"},{"@type":"ListItem","position":2,"name":"Um partido sem ecossistema \u00e9 um partido morto"}]},{"@type":"WebSite","@id":"https:\/\/lucasmalaspina.com\/pt-br\/#website","url":"https:\/\/lucasmalaspina.com\/pt-br\/","name":"Lucas Malaspina","description":"Comunica\u00e7\u00e3o pol\u00edtica e assuntos p\u00fablicos no caos sociodigital","publisher":{"@id":"https:\/\/lucasmalaspina.com\/pt-br\/#organization"},"potentialAction":[{"@type":"SearchAction","target":{"@type":"EntryPoint","urlTemplate":"https:\/\/lucasmalaspina.com\/pt-br\/?s={search_term_string}"},"query-input":{"@type":"PropertyValueSpecification","valueRequired":true,"valueName":"search_term_string"}}],"inLanguage":"pt-BR"},{"@type":"Organization","@id":"https:\/\/lucasmalaspina.com\/pt-br\/#organization","name":"Lucas Malaspina","url":"https:\/\/lucasmalaspina.com\/pt-br\/","logo":{"@type":"ImageObject","inLanguage":"pt-BR","@id":"https:\/\/lucasmalaspina.com\/pt-br\/#\/schema\/logo\/image\/","url":"https:\/\/i0.wp.com\/lucasmalaspina.com\/wp-content\/uploads\/2026\/05\/LM2027-1-edited.png?fit=1023%2C1023&ssl=1","contentUrl":"https:\/\/i0.wp.com\/lucasmalaspina.com\/wp-content\/uploads\/2026\/05\/LM2027-1-edited.png?fit=1023%2C1023&ssl=1","width":1023,"height":1023,"caption":"Lucas Malaspina"},"image":{"@id":"https:\/\/lucasmalaspina.com\/pt-br\/#\/schema\/logo\/image\/"}},{"@type":"Person","@id":"https:\/\/lucasmalaspina.com\/pt-br\/#\/schema\/person\/5a0f9f532b3275a2ec7efe26234f70c8","name":"lucasmalaspina","image":{"@type":"ImageObject","inLanguage":"pt-BR","@id":"https:\/\/secure.gravatar.com\/avatar\/e68f3496168b30d970d12cc82cabbdf9c7715eeccec1ef6b9c24a51ef7de066a?s=96&d=identicon&r=g","url":"https:\/\/secure.gravatar.com\/avatar\/e68f3496168b30d970d12cc82cabbdf9c7715eeccec1ef6b9c24a51ef7de066a?s=96&d=identicon&r=g","contentUrl":"https:\/\/secure.gravatar.com\/avatar\/e68f3496168b30d970d12cc82cabbdf9c7715eeccec1ef6b9c24a51ef7de066a?s=96&d=identicon&r=g","caption":"lucasmalaspina"},"sameAs":["http:\/\/lucasmalaspina.com"],"url":"https:\/\/lucasmalaspina.com\/pt-br\/author\/lucmalaspina\/"}]}},"jetpack_publicize_connections":[],"jetpack_likes_enabled":true,"jetpack_sharing_enabled":true,"jetpack_shortlink":"https:\/\/wp.me\/pg0sU9-Bv","jetpack-related-posts":[],"jetpack_featured_media_url":"https:\/\/i0.wp.com\/lucasmalaspina.com\/wp-content\/uploads\/2026\/05\/ariadna-montiel-nueva-presidenta-morena.jpg?fit=1280%2C720&ssl=1","_links":{"self":[{"href":"https:\/\/lucasmalaspina.com\/pt-br\/wp-json\/wp\/v2\/posts\/2325","targetHints":{"allow":["GET"]}}],"collection":[{"href":"https:\/\/lucasmalaspina.com\/pt-br\/wp-json\/wp\/v2\/posts"}],"about":[{"href":"https:\/\/lucasmalaspina.com\/pt-br\/wp-json\/wp\/v2\/types\/post"}],"author":[{"embeddable":true,"href":"https:\/\/lucasmalaspina.com\/pt-br\/wp-json\/wp\/v2\/users\/103004725"}],"replies":[{"embeddable":true,"href":"https:\/\/lucasmalaspina.com\/pt-br\/wp-json\/wp\/v2\/comments?post=2325"}],"version-history":[{"count":2,"href":"https:\/\/lucasmalaspina.com\/pt-br\/wp-json\/wp\/v2\/posts\/2325\/revisions"}],"predecessor-version":[{"id":2346,"href":"https:\/\/lucasmalaspina.com\/pt-br\/wp-json\/wp\/v2\/posts\/2325\/revisions\/2346"}],"wp:featuredmedia":[{"embeddable":true,"href":"https:\/\/lucasmalaspina.com\/pt-br\/wp-json\/wp\/v2\/media\/2327"}],"wp:attachment":[{"href":"https:\/\/lucasmalaspina.com\/pt-br\/wp-json\/wp\/v2\/media?parent=2325"}],"wp:term":[{"taxonomy":"category","embeddable":true,"href":"https:\/\/lucasmalaspina.com\/pt-br\/wp-json\/wp\/v2\/categories?post=2325"},{"taxonomy":"post_tag","embeddable":true,"href":"https:\/\/lucasmalaspina.com\/pt-br\/wp-json\/wp\/v2\/tags?post=2325"}],"curies":[{"name":"wp","href":"https:\/\/api.w.org\/{rel}","templated":true}]}}